{"id":44,"date":"2016-02-03T13:54:22","date_gmt":"2016-02-03T16:54:22","guid":{"rendered":"http:\/\/repensar.noblogs.org\/?p=44"},"modified":"2016-02-03T13:54:22","modified_gmt":"2016-02-03T16:54:22","slug":"nos-e-os-outros","status":"publish","type":"post","link":"https:\/\/repensar.noblogs.org\/?p=44","title":{"rendered":"N\u00d3S E OS OUTROS"},"content":{"rendered":"<p style=\"text-align: right\">Por Lucas Santos<\/p>\n<p style=\"text-align: justify\">O que temos a dizer ao outro nem sempre \u00e9 o que ele precisa ouvir.<\/p>\n<p style=\"text-align: justify\"><a href=\"https:\/\/repensar.noblogs.org\/files\/2016\/02\/odio.jpg\"><img loading=\"lazy\" decoding=\"async\" class=\"wp-image-45 alignleft\" src=\"https:\/\/repensar.noblogs.org\/files\/2016\/02\/odio-300x287.jpg\" alt=\"odio\" width=\"438\" height=\"419\" srcset=\"https:\/\/repensar.noblogs.org\/files\/2016\/02\/odio-300x287.jpg 300w, https:\/\/repensar.noblogs.org\/files\/2016\/02\/odio.jpg 600w\" sizes=\"auto, (max-width: 438px) 100vw, 438px\" \/><\/a><\/p>\n<p style=\"text-align: justify\">Este \u00e9 o pensamento que se faz pouqu\u00edssimo presente nos discursos trocados entre diversas frentes no cen\u00e1rio atual.<\/p>\n<p style=\"text-align: justify\">Nenhum de n\u00f3s \u00e9 obrigado a concordar com o ponto de vista do outro e isto \u00e9 absolutamente claro, pois cada indiv\u00edduo possui uma forma de interpreta\u00e7\u00e3o do mundo influenciada por in\u00fameros fatores externos que o acompanham desde o seu nascimento e fazem parte da formula\u00e7\u00e3o de seu discurso.<\/p>\n<p style=\"text-align: justify\">Existe, no entanto, uma grande confus\u00e3o que envolve conceitos b\u00e1sicos para a harmonia entre os indiv\u00edduos.<\/p>\n<p style=\"text-align: justify\">\u00c9 extremamente f\u00e1cil ferir o outro e se apoiar na fal\u00e1cia da liberdade de express\u00e3o para justificar posicionamentos err\u00f4neos, ainda mais se n\u00e3o se compreende o sentido de tal subst\u00e2ncia.<\/p>\n<p style=\"text-align: justify\">Pensemos, ent\u00e3o, na liberdade, que nos panoramas atuais se tornou outro substantivo para designar o individualismo. Devemos levar em conta, que os grupos detentores do poder sempre agem para benef\u00edcio pr\u00f3prio e aproveitam ao m\u00e1ximo as oportunidades para disseminar suas ideologias segregantes para, assim, manter sua posi\u00e7\u00e3o privilegiada. Dessa forma a ressignifica\u00e7\u00e3o de conceitos \u00e9 uma ferramenta bastante recorrente neste meio.<\/p>\n<p style=\"text-align: justify\">Temos, ent\u00e3o, a bela liberdade que consiste em fazer o que quiser ou em um substantivo que designa a qualidade de ser livre ou ainda naquilo que todos sabem o que \u00e9, mas ningu\u00e9m sabe dizer o que \u00e9. \u00c9 dessa forma que se transforma um conceito fundamental em um modo fofo de se individualizar os sujeitos.<\/p>\n<p style=\"text-align: justify\">N\u00e3o que ser individual seja algo ruim. Pelo contr\u00e1rio. Necessitamos de nossa individualidade para nos auto afirmarmos enquanto parte integrante do social. Por\u00e9m, este tipo de individualiza\u00e7\u00e3o n\u00e3o leva o outro em considera\u00e7\u00e3o, o que foge completamente do ideal da liberdade, pois esta deveria ser uma constru\u00e7\u00e3o social, em que todas as partes estariam em conformidade e onde a solidariedade seria o princ\u00edpio fundamental, afinal, enquanto animais sociais dependemos do outro tanto quanto ele depende de n\u00f3s.<\/p>\n<p style=\"text-align: justify\">N\u00e3o \u00e9 f\u00e1cil aceitar que o que dizemos ao outro lhe faz mal, ou que n\u00e3o o estamos ajudando quando julgamos seu posicionamento de forma preconceituosa sem se por em seu lugar, ou que n\u00e3o devemos aplicar nossos valores sobre as decis\u00f5es do outro.<\/p>\n<p style=\"text-align: justify\">Menos f\u00e1cil ainda \u00e9 aceitar que defendemos pontos de vista que n\u00e3o contribuem em nada com o bem estar dos que nos rodeiam.<\/p>\n<p style=\"text-align: justify\">\u00c9 muito f\u00e1cil, por\u00e9m, dizer ao outro que ele est\u00e1 praticando vitimismo quando ele se sente atacado, \u00e9 f\u00e1cil dizer \u00e0 uma mulher negra da periferia que ela est\u00e1 l\u00e1 porque n\u00e3o mereceu estar em outro lugar, \u00e9 f\u00e1cil dizer \u00e0 um casal homossexual que eles n\u00e3o s\u00e3o uma fam\u00edlia, \u00e9 f\u00e1cil dizer a uma mulher trans que ela nunca vai ser mulher pois n\u00e3o pode parir. \u00c9 f\u00e1cil falar e GRITAR que n\u00e3o te respeitam quando as cr\u00edticas negativas recaem sobre seu preconceito.<\/p>\n<p style=\"text-align: justify\">Dif\u00edcil \u00e9 ouvir, procurar conhecer o outro, saber do que ele precisa, praticar empatia, lembrar-se de que n\u00e3o estamos aqui sozinhos e de que os outros n\u00e3o s\u00e3o iguais a n\u00f3s.<\/p>\n<p style=\"text-align: justify\">Antes de atacar algu\u00e9m, antes de dizer que o outro est\u00e1 mal porque merece, pois ningu\u00e9m fica bem se n\u00e3o trabalha para chegar l\u00e1, lembre-se que voc\u00ea est\u00e1 l\u00e1 apoiado no sofrimento do outro, que cada vez que voc\u00ea ganha, centenas, milhares, est\u00e3o perdendo porque tudo que voc\u00ea defende se apoia na injusti\u00e7a e que se quer ser legalista o outro possui todo o direito para ir e vir, e que o mesmo vale pra voc\u00ea, por\u00e9m, ambos s\u00f3 podem ir at\u00e9 onde o limite da lei os permite, que o corpo e a mente pertencem a si e que o mesmo vale para o outro e que se pensas demais em como o outro pensa e se comporta n\u00e3o est\u00e1 pensando em como fazer da sociedade um lugar melhor.<\/p>\n<p style=\"text-align: justify\">\n<p style=\"text-align: justify\">At\u00e9 a vista!<\/p>\n","protected":false},"excerpt":{"rendered":"<p>Por Lucas Santos O que temos a dizer ao outro nem sempre \u00e9 o que ele precisa ouvir. Este \u00e9 o pensamento que se faz pouqu\u00edssimo presente nos discursos trocados entre diversas frentes no cen\u00e1rio atual. Nenhum de n\u00f3s \u00e9 obrigado a concordar com o ponto de vista do outro e isto \u00e9 absolutamente claro, &hellip; <a href=\"https:\/\/repensar.noblogs.org\/?p=44\" class=\"more-link\">Continue reading <span class=\"screen-reader-text\">N\u00d3S E OS OUTROS<\/span><\/a><\/p>\n","protected":false},"author":10460,"featured_media":0,"comment_status":"open","ping_status":"open","sticky":false,"template":"","format":"standard","meta":{"footnotes":""},"categories":[1],"tags":[],"class_list":["post-44","post","type-post","status-publish","format-standard","hentry","category-general"],"_links":{"self":[{"href":"https:\/\/repensar.noblogs.org\/index.php?rest_route=\/wp\/v2\/posts\/44","targetHints":{"allow":["GET"]}}],"collection":[{"href":"https:\/\/repensar.noblogs.org\/index.php?rest_route=\/wp\/v2\/posts"}],"about":[{"href":"https:\/\/repensar.noblogs.org\/index.php?rest_route=\/wp\/v2\/types\/post"}],"author":[{"embeddable":true,"href":"https:\/\/repensar.noblogs.org\/index.php?rest_route=\/wp\/v2\/users\/10460"}],"replies":[{"embeddable":true,"href":"https:\/\/repensar.noblogs.org\/index.php?rest_route=%2Fwp%2Fv2%2Fcomments&post=44"}],"version-history":[{"count":2,"href":"https:\/\/repensar.noblogs.org\/index.php?rest_route=\/wp\/v2\/posts\/44\/revisions"}],"predecessor-version":[{"id":47,"href":"https:\/\/repensar.noblogs.org\/index.php?rest_route=\/wp\/v2\/posts\/44\/revisions\/47"}],"wp:attachment":[{"href":"https:\/\/repensar.noblogs.org\/index.php?rest_route=%2Fwp%2Fv2%2Fmedia&parent=44"}],"wp:term":[{"taxonomy":"category","embeddable":true,"href":"https:\/\/repensar.noblogs.org\/index.php?rest_route=%2Fwp%2Fv2%2Fcategories&post=44"},{"taxonomy":"post_tag","embeddable":true,"href":"https:\/\/repensar.noblogs.org\/index.php?rest_route=%2Fwp%2Fv2%2Ftags&post=44"}],"curies":[{"name":"wp","href":"https:\/\/api.w.org\/{rel}","templated":true}]}}